{"id":1131,"date":"2015-06-30T12:37:10","date_gmt":"2015-06-30T11:37:10","guid":{"rendered":"http:\/\/www.eoiestepa.es\/?p=1131"},"modified":"2015-06-30T12:37:55","modified_gmt":"2015-06-30T11:37:55","slug":"periodo-de-matriculacion-del-1-al-10-de-julio","status":"publish","type":"post","link":"https:\/\/www.eoiestepa.es\/?p=1131","title":{"rendered":"Periodo de matriculaci\u00f3n del 1 al 10 de julio"},"content":{"rendered":"<p>Del 1 al 10 de junio, abierto periodo de matr\u00edcula para el nuevo alumnado admitido en el proceso de admisi\u00f3n para el curso 2015\/16 y el alumnado de la escuela que ha titulado en la convocatoria ordinaria de junio.<\/p>\n<p>Encontrar\u00e1 m\u00e1s informaci\u00f3n en la secci\u00f3n Secretar\u00eda &gt; Matriculaci\u00f3n &gt; Matr\u00edcula oficial.<\/p>\n","protected":false},"excerpt":{"rendered":"<p>Del 1 al 10 de junio, abierto periodo de matr\u00edcula para el nuevo alumnado admitido en el proceso de admisi\u00f3n para el curso 2015\/16 y el alumnado de la escuela que ha titulado en la convocatoria ordinaria de junio. Encontrar\u00e1 m\u00e1s informaci\u00f3n en la secci\u00f3n Secretar\u00eda &gt; Matriculaci\u00f3n &gt; Matr\u00edcula oficial.<\/p>\n","protected":false},"author":2,"featured_media":1051,"comment_status":"closed","ping_status":"open","sticky":false,"template":"","format":"standard","meta":{"_acf_changed":false,"neve_meta_sidebar":"","neve_meta_container":"","neve_meta_enable_content_width":"","neve_meta_content_width":0,"neve_meta_title_alignment":"","neve_meta_author_avatar":"","neve_post_elements_order":"","neve_meta_disable_header":"","neve_meta_disable_footer":"","neve_meta_disable_title":"","footnotes":""},"categories":[1],"tags":[],"class_list":["post-1131","post","type-post","status-publish","format-standard","has-post-thumbnail","hentry","category-principal"],"acf":[],"post_mailing_queue_ids":[],"_links":{"self":[{"href":"https:\/\/www.eoiestepa.es\/index.php?rest_route=\/wp\/v2\/posts\/1131","targetHints":{"allow":["GET"]}}],"collection":[{"href":"https:\/\/www.eoiestepa.es\/index.php?rest_route=\/wp\/v2\/posts"}],"about":[{"href":"https:\/\/www.eoiestepa.es\/index.php?rest_route=\/wp\/v2\/types\/post"}],"author":[{"embeddable":true,"href":"https:\/\/www.eoiestepa.es\/index.php?rest_route=\/wp\/v2\/users\/2"}],"replies":[{"embeddable":true,"href":"https:\/\/www.eoiestepa.es\/index.php?rest_route=%2Fwp%2Fv2%2Fcomments&post=1131"}],"version-history":[{"count":1,"href":"https:\/\/www.eoiestepa.es\/index.php?rest_route=\/wp\/v2\/posts\/1131\/revisions"}],"predecessor-version":[{"id":1132,"href":"https:\/\/www.eoiestepa.es\/index.php?rest_route=\/wp\/v2\/posts\/1131\/revisions\/1132"}],"wp:featuredmedia":[{"embeddable":true,"href":"https:\/\/www.eoiestepa.es\/index.php?rest_route=\/wp\/v2\/media\/1051"}],"wp:attachment":[{"href":"https:\/\/www.eoiestepa.es\/index.php?rest_route=%2Fwp%2Fv2%2Fmedia&parent=1131"}],"wp:term":[{"taxonomy":"category","embeddable":true,"href":"https:\/\/www.eoiestepa.es\/index.php?rest_route=%2Fwp%2Fv2%2Fcategories&post=1131"},{"taxonomy":"post_tag","embeddable":true,"href":"https:\/\/www.eoiestepa.es\/index.php?rest_route=%2Fwp%2Fv2%2Ftags&post=1131"}],"curies":[{"name":"wp","href":"https:\/\/api.w.org\/{rel}","templated":true}]}}