{"id":1270,"date":"2016-02-24T10:09:37","date_gmt":"2016-02-24T09:09:37","guid":{"rendered":"http:\/\/www.eoiestepa.es\/?p=1270"},"modified":"2016-02-24T10:09:37","modified_gmt":"2016-02-24T09:09:37","slug":"recordatorio-dia-no-lectivo-3","status":"publish","type":"post","link":"https:\/\/www.eoiestepa.es\/?p=1270","title":{"rendered":"Recordatorio d\u00eda no lectivo"},"content":{"rendered":"<p>Se recuerda que seg\u00fan el calendario escolar, el jueves 25 de febrero es d\u00eda no lectivo en la localidad de Estepa, por lo que el centro permanecer\u00e1 cerrado, al igual que el lunes 29 por traslado de la festividad del D\u00eda de Andaluc\u00eda.<\/p>\n","protected":false},"excerpt":{"rendered":"<p>Se recuerda que seg\u00fan el calendario escolar, el jueves 25 de febrero es d\u00eda no lectivo en la localidad de Estepa, por lo que el centro permanecer\u00e1 cerrado, al igual que el lunes 29 por traslado de la festividad del D\u00eda de Andaluc\u00eda.<\/p>\n","protected":false},"author":2,"featured_media":590,"comment_status":"closed","ping_status":"open","sticky":false,"template":"","format":"standard","meta":{"_acf_changed":false,"neve_meta_sidebar":"","neve_meta_container":"","neve_meta_enable_content_width":"","neve_meta_content_width":0,"neve_meta_title_alignment":"","neve_meta_author_avatar":"","neve_post_elements_order":"","neve_meta_disable_header":"","neve_meta_disable_footer":"","neve_meta_disable_title":"","footnotes":""},"categories":[1],"tags":[],"class_list":["post-1270","post","type-post","status-publish","format-standard","has-post-thumbnail","hentry","category-principal"],"acf":[],"post_mailing_queue_ids":[],"_links":{"self":[{"href":"https:\/\/www.eoiestepa.es\/index.php?rest_route=\/wp\/v2\/posts\/1270","targetHints":{"allow":["GET"]}}],"collection":[{"href":"https:\/\/www.eoiestepa.es\/index.php?rest_route=\/wp\/v2\/posts"}],"about":[{"href":"https:\/\/www.eoiestepa.es\/index.php?rest_route=\/wp\/v2\/types\/post"}],"author":[{"embeddable":true,"href":"https:\/\/www.eoiestepa.es\/index.php?rest_route=\/wp\/v2\/users\/2"}],"replies":[{"embeddable":true,"href":"https:\/\/www.eoiestepa.es\/index.php?rest_route=%2Fwp%2Fv2%2Fcomments&post=1270"}],"version-history":[{"count":1,"href":"https:\/\/www.eoiestepa.es\/index.php?rest_route=\/wp\/v2\/posts\/1270\/revisions"}],"predecessor-version":[{"id":1271,"href":"https:\/\/www.eoiestepa.es\/index.php?rest_route=\/wp\/v2\/posts\/1270\/revisions\/1271"}],"wp:featuredmedia":[{"embeddable":true,"href":"https:\/\/www.eoiestepa.es\/index.php?rest_route=\/wp\/v2\/media\/590"}],"wp:attachment":[{"href":"https:\/\/www.eoiestepa.es\/index.php?rest_route=%2Fwp%2Fv2%2Fmedia&parent=1270"}],"wp:term":[{"taxonomy":"category","embeddable":true,"href":"https:\/\/www.eoiestepa.es\/index.php?rest_route=%2Fwp%2Fv2%2Fcategories&post=1270"},{"taxonomy":"post_tag","embeddable":true,"href":"https:\/\/www.eoiestepa.es\/index.php?rest_route=%2Fwp%2Fv2%2Ftags&post=1270"}],"curies":[{"name":"wp","href":"https:\/\/api.w.org\/{rel}","templated":true}]}}