{"id":1303,"date":"2016-04-28T17:06:44","date_gmt":"2016-04-28T16:06:44","guid":{"rendered":"http:\/\/www.eoiestepa.es\/?p=1303"},"modified":"2016-04-28T17:06:44","modified_gmt":"2016-04-28T16:06:44","slug":"recordatorio-dia-no-lectivo-4","status":"publish","type":"post","link":"https:\/\/www.eoiestepa.es\/?p=1303","title":{"rendered":"Recordatorio d\u00eda no lectivo"},"content":{"rendered":"<p>Se recuerda que seg\u00fan el calendario escolar, el martes 3 de mayo es d\u00eda no lectivo en la localidad de Estepa, por lo que el centro permanecer\u00e1 cerrado, al igual que el lunes 2 de mayo por traslado de la festividad del D\u00eda del Trabajo.<\/p>\n","protected":false},"excerpt":{"rendered":"<p>Se recuerda que seg\u00fan el calendario escolar, el martes 3 de mayo es d\u00eda no lectivo en la localidad de Estepa, por lo que el centro permanecer\u00e1 cerrado, al igual que el lunes 2 de mayo por traslado de la festividad del D\u00eda del Trabajo.<\/p>\n","protected":false},"author":4,"featured_media":590,"comment_status":"closed","ping_status":"open","sticky":false,"template":"","format":"standard","meta":{"_acf_changed":false,"neve_meta_sidebar":"","neve_meta_container":"","neve_meta_enable_content_width":"","neve_meta_content_width":0,"neve_meta_title_alignment":"","neve_meta_author_avatar":"","neve_post_elements_order":"","neve_meta_disable_header":"","neve_meta_disable_footer":"","neve_meta_disable_title":"","footnotes":""},"categories":[1],"tags":[],"class_list":["post-1303","post","type-post","status-publish","format-standard","has-post-thumbnail","hentry","category-principal"],"acf":[],"post_mailing_queue_ids":[],"_links":{"self":[{"href":"https:\/\/www.eoiestepa.es\/index.php?rest_route=\/wp\/v2\/posts\/1303","targetHints":{"allow":["GET"]}}],"collection":[{"href":"https:\/\/www.eoiestepa.es\/index.php?rest_route=\/wp\/v2\/posts"}],"about":[{"href":"https:\/\/www.eoiestepa.es\/index.php?rest_route=\/wp\/v2\/types\/post"}],"author":[{"embeddable":true,"href":"https:\/\/www.eoiestepa.es\/index.php?rest_route=\/wp\/v2\/users\/4"}],"replies":[{"embeddable":true,"href":"https:\/\/www.eoiestepa.es\/index.php?rest_route=%2Fwp%2Fv2%2Fcomments&post=1303"}],"version-history":[{"count":1,"href":"https:\/\/www.eoiestepa.es\/index.php?rest_route=\/wp\/v2\/posts\/1303\/revisions"}],"predecessor-version":[{"id":1304,"href":"https:\/\/www.eoiestepa.es\/index.php?rest_route=\/wp\/v2\/posts\/1303\/revisions\/1304"}],"wp:featuredmedia":[{"embeddable":true,"href":"https:\/\/www.eoiestepa.es\/index.php?rest_route=\/wp\/v2\/media\/590"}],"wp:attachment":[{"href":"https:\/\/www.eoiestepa.es\/index.php?rest_route=%2Fwp%2Fv2%2Fmedia&parent=1303"}],"wp:term":[{"taxonomy":"category","embeddable":true,"href":"https:\/\/www.eoiestepa.es\/index.php?rest_route=%2Fwp%2Fv2%2Fcategories&post=1303"},{"taxonomy":"post_tag","embeddable":true,"href":"https:\/\/www.eoiestepa.es\/index.php?rest_route=%2Fwp%2Fv2%2Ftags&post=1303"}],"curies":[{"name":"wp","href":"https:\/\/api.w.org\/{rel}","templated":true}]}}