{"id":1957,"date":"2018-10-25T16:21:05","date_gmt":"2018-10-25T15:21:05","guid":{"rendered":"http:\/\/www.eoiestepa.es\/?p=1957"},"modified":"2018-10-25T16:21:05","modified_gmt":"2018-10-25T15:21:05","slug":"comienzo-clases-grupos-1o2o-y-3o-frances","status":"publish","type":"post","link":"https:\/\/www.eoiestepa.es\/?p=1957","title":{"rendered":"Comienzo clases grupos 1\u00ba,2\u00ba y 3\u00ba Franc\u00e9s"},"content":{"rendered":"<p>Se comunica\u00a0que las clases de los grupos 1\u00ba, 2\u00ba y 3\u00ba de franc\u00e9s comenzar\u00e1n la pr\u00f3xima semana:<\/p>\n<p>&#8211; lunes 29 de octubre para los grupos de Primero de Nivel B\u00e1sico;<\/p>\n<p>&#8211; martes 30 de octubre para Segundo de Nivel B\u00e1sico y Nivel Intermedio B1, cada grupo en su horario habitual de clases.<\/p>\n<p>&nbsp;<\/p>\n<p>&nbsp;<\/p>\n","protected":false},"excerpt":{"rendered":"<p>Se comunica\u00a0que las clases de los grupos 1\u00ba, 2\u00ba y 3\u00ba de franc\u00e9s comenzar\u00e1n la pr\u00f3xima semana: &#8211; lunes 29 de octubre para los grupos de Primero de Nivel B\u00e1sico; &#8211; martes 30 de octubre para Segundo de Nivel B\u00e1sico y Nivel Intermedio B1, cada grupo en su horario habitual de clases. &nbsp; &nbsp;<\/p>\n","protected":false},"author":4,"featured_media":525,"comment_status":"closed","ping_status":"open","sticky":false,"template":"","format":"standard","meta":{"_acf_changed":false,"neve_meta_sidebar":"","neve_meta_container":"","neve_meta_enable_content_width":"","neve_meta_content_width":0,"neve_meta_title_alignment":"","neve_meta_author_avatar":"","neve_post_elements_order":"","neve_meta_disable_header":"","neve_meta_disable_footer":"","neve_meta_disable_title":"","footnotes":""},"categories":[1],"tags":[],"class_list":["post-1957","post","type-post","status-publish","format-standard","has-post-thumbnail","hentry","category-principal"],"acf":[],"post_mailing_queue_ids":[],"_links":{"self":[{"href":"https:\/\/www.eoiestepa.es\/index.php?rest_route=\/wp\/v2\/posts\/1957","targetHints":{"allow":["GET"]}}],"collection":[{"href":"https:\/\/www.eoiestepa.es\/index.php?rest_route=\/wp\/v2\/posts"}],"about":[{"href":"https:\/\/www.eoiestepa.es\/index.php?rest_route=\/wp\/v2\/types\/post"}],"author":[{"embeddable":true,"href":"https:\/\/www.eoiestepa.es\/index.php?rest_route=\/wp\/v2\/users\/4"}],"replies":[{"embeddable":true,"href":"https:\/\/www.eoiestepa.es\/index.php?rest_route=%2Fwp%2Fv2%2Fcomments&post=1957"}],"version-history":[{"count":1,"href":"https:\/\/www.eoiestepa.es\/index.php?rest_route=\/wp\/v2\/posts\/1957\/revisions"}],"predecessor-version":[{"id":1958,"href":"https:\/\/www.eoiestepa.es\/index.php?rest_route=\/wp\/v2\/posts\/1957\/revisions\/1958"}],"wp:featuredmedia":[{"embeddable":true,"href":"https:\/\/www.eoiestepa.es\/index.php?rest_route=\/wp\/v2\/media\/525"}],"wp:attachment":[{"href":"https:\/\/www.eoiestepa.es\/index.php?rest_route=%2Fwp%2Fv2%2Fmedia&parent=1957"}],"wp:term":[{"taxonomy":"category","embeddable":true,"href":"https:\/\/www.eoiestepa.es\/index.php?rest_route=%2Fwp%2Fv2%2Fcategories&post=1957"},{"taxonomy":"post_tag","embeddable":true,"href":"https:\/\/www.eoiestepa.es\/index.php?rest_route=%2Fwp%2Fv2%2Ftags&post=1957"}],"curies":[{"name":"wp","href":"https:\/\/api.w.org\/{rel}","templated":true}]}}