{"id":2077,"date":"2019-04-26T11:42:50","date_gmt":"2019-04-26T10:42:50","guid":{"rendered":"http:\/\/www.eoiestepa.es\/?p=2077"},"modified":"2019-05-02T17:19:00","modified_gmt":"2019-05-02T16:19:00","slug":"abierto-plazo-de-preinscripcion-curso-20192020","status":"publish","type":"post","link":"https:\/\/www.eoiestepa.es\/?p=2077","title":{"rendered":"Abierto plazo de preinscripci\u00f3n curso 2019\/2020"},"content":{"rendered":"<p><a href=\"https:\/\/drive.google.com\/file\/d\/1W9Q4byKL0j7Dem6OCHHBG6uX5tkpvA5r\/view?usp=sharing\">Abierto plazo de preinscripci\u00f3n curso 2019\/2020 del 1 al 21 de mayo.\u00a1Te esperamos!<\/a><\/p>\n<div style=\"width: 512px;\" class=\"wp-video\"><!--[if lt IE 9]><script>document.createElement('video');<\/script><![endif]-->\n<video class=\"wp-video-shortcode\" id=\"video-2077-1\" width=\"512\" height=\"282\" preload=\"metadata\" controls=\"controls\"><source type=\"video\/mp4\" src=\"https:\/\/www.eoiestepa.es\/wp-content\/uploads\/2019\/04\/VID-20190430-WA0006.mp4?_=1\" \/><a href=\"https:\/\/www.eoiestepa.es\/wp-content\/uploads\/2019\/04\/VID-20190430-WA0006.mp4\">https:\/\/www.eoiestepa.es\/wp-content\/uploads\/2019\/04\/VID-20190430-WA0006.mp4<\/a><\/video><\/div>\n<p>&nbsp;<\/p>\n<p><a href=\"https:\/\/www.eoiestepa.es\/?page_id=107\">+ informaci\u00f3n para realizar la presinscripci\u00f3n modalidad <strong>presencial.<\/strong><\/a><\/p>\n<p><a href=\"https:\/\/www.eoiestepa.es\/?page_id=109\">+ informaci\u00f3n para realizar la preinscripci\u00f3n modalidad <strong>semipresencial.<\/strong><\/a><\/p>\n<p><a href=\"https:\/\/www.eoiestepa.es\/?page_id=111\">+ informaci\u00f3n para realizar la preinscripci\u00f3n <strong>Cursos de actualizaci\u00f3n del profesorado (CAL).<\/strong><\/a><\/p>\n","protected":false},"excerpt":{"rendered":"<p>Abierto plazo de preinscripci\u00f3n curso 2019\/2020 del 1 al 21 de mayo.\u00a1Te esperamos! &nbsp; + informaci\u00f3n para realizar la presinscripci\u00f3n modalidad presencial. + informaci\u00f3n para realizar la preinscripci\u00f3n modalidad semipresencial. + informaci\u00f3n para realizar la preinscripci\u00f3n Cursos de actualizaci\u00f3n del profesorado (CAL).<\/p>\n","protected":false},"author":4,"featured_media":2078,"comment_status":"closed","ping_status":"open","sticky":false,"template":"","format":"standard","meta":{"_acf_changed":false,"neve_meta_sidebar":"","neve_meta_container":"","neve_meta_enable_content_width":"","neve_meta_content_width":0,"neve_meta_title_alignment":"","neve_meta_author_avatar":"","neve_post_elements_order":"","neve_meta_disable_header":"","neve_meta_disable_footer":"","neve_meta_disable_title":"","footnotes":""},"categories":[1],"tags":[],"class_list":["post-2077","post","type-post","status-publish","format-standard","has-post-thumbnail","hentry","category-principal"],"acf":[],"post_mailing_queue_ids":[],"_links":{"self":[{"href":"https:\/\/www.eoiestepa.es\/index.php?rest_route=\/wp\/v2\/posts\/2077","targetHints":{"allow":["GET"]}}],"collection":[{"href":"https:\/\/www.eoiestepa.es\/index.php?rest_route=\/wp\/v2\/posts"}],"about":[{"href":"https:\/\/www.eoiestepa.es\/index.php?rest_route=\/wp\/v2\/types\/post"}],"author":[{"embeddable":true,"href":"https:\/\/www.eoiestepa.es\/index.php?rest_route=\/wp\/v2\/users\/4"}],"replies":[{"embeddable":true,"href":"https:\/\/www.eoiestepa.es\/index.php?rest_route=%2Fwp%2Fv2%2Fcomments&post=2077"}],"version-history":[{"count":10,"href":"https:\/\/www.eoiestepa.es\/index.php?rest_route=\/wp\/v2\/posts\/2077\/revisions"}],"predecessor-version":[{"id":2106,"href":"https:\/\/www.eoiestepa.es\/index.php?rest_route=\/wp\/v2\/posts\/2077\/revisions\/2106"}],"wp:featuredmedia":[{"embeddable":true,"href":"https:\/\/www.eoiestepa.es\/index.php?rest_route=\/wp\/v2\/media\/2078"}],"wp:attachment":[{"href":"https:\/\/www.eoiestepa.es\/index.php?rest_route=%2Fwp%2Fv2%2Fmedia&parent=2077"}],"wp:term":[{"taxonomy":"category","embeddable":true,"href":"https:\/\/www.eoiestepa.es\/index.php?rest_route=%2Fwp%2Fv2%2Fcategories&post=2077"},{"taxonomy":"post_tag","embeddable":true,"href":"https:\/\/www.eoiestepa.es\/index.php?rest_route=%2Fwp%2Fv2%2Ftags&post=2077"}],"curies":[{"name":"wp","href":"https:\/\/api.w.org\/{rel}","templated":true}]}}