{"id":2147,"date":"2019-06-27T11:42:39","date_gmt":"2019-06-27T10:42:39","guid":{"rendered":"http:\/\/www.eoiestepa.es\/?p=2147"},"modified":"2019-07-15T10:26:23","modified_gmt":"2019-07-15T09:26:23","slug":"publicacion-calendario-pruebas-extraordinarias-de-septiembre-2","status":"publish","type":"post","link":"https:\/\/www.eoiestepa.es\/?p=2147","title":{"rendered":"Publicaci\u00f3n calendario pruebas extraordinarias de septiembre"},"content":{"rendered":"<p>Ya puedes consultar el calendario de las pruebas extraordinarias de septiembre. M\u00edralo\u00a0en el departamento correspondiente o pincha en los siguientes enlaces:<\/p>\n<p><a href=\"https:\/\/drive.google.com\/file\/d\/1RAKnFeQve53-uXf9hod8vVWsGJ7H-U9y\/view?usp=sharing\">Pincha aqu\u00ed para ver el calendario de ex\u00e1menes de ingl\u00e9s convocatoria extraordinaria septiembre.<\/a><\/p>\n<p><a href=\"https:\/\/docs.google.com\/document\/d\/1R8mF_iqNMGELvpAgM-yM7kAZd9USpS8xR7slXEyVdTE\/edit?usp=sharing\">Llamamiento alumnado libre pruebas orales nivel intermedio B1.<\/a><\/p>\n<p><a href=\"https:\/\/docs.google.com\/document\/d\/1eBdAfZydmlD4Oa-FfZfuAvYCDj7eeod8kWkqoxt2bdQ\/edit?usp=sharing\">Llamamiento alumnado libre pruebas orales nivel intermedio B2.<\/a><\/p>\n<p><a href=\"https:\/\/docs.google.com\/document\/d\/1ZSdZjLNQNcNT4nqizfRdVtsZLgfDU7G-56qcvOXAKDg\/edit?usp=sharing\">Llamamiento alumnado libre pruebas orales nivel avanzado C1.<\/a><\/p>\n<p><a href=\"https:\/\/drive.google.com\/file\/d\/1OBIOk5WwOuOyEQwq7PqH9DDFK10houiX\/view?usp=sharing\">Pincha aqu\u00ed para ver el calendario de ex\u00e1menes de franc\u00e9s convocatoria extraordinaria septiembre.<\/a><\/p>\n<p><a href=\"https:\/\/docs.google.com\/document\/d\/1QFiS6-Oj4or6ciqP2Mz1kdvbgRNSnfqF_g_nSoj-7wM\/edit?usp=sharing\">Llamamiento pruebas orales convocatoria ordinaria de\u00a0septiembre alumnado libre nivel intermedio B1 franc\u00e9s.<\/a><\/p>\n<p><a href=\"https:\/\/docs.google.com\/document\/d\/1qFL04e3LXVW7ejJqhiEA5Ob4kQQg0XRgoX003oMq6tI\/edit?usp=sharing\">Llamamiento pruebas orales convocatoria ordinaria de\u00a0septiembre alumnado libre nivel intermedio B2 franc\u00e9s.<\/a><\/p>\n<p><a href=\"https:\/\/drive.google.com\/file\/d\/1PVeigohyfyC7u92cSdlftVDCQcSoYkQj\/view?usp=sharing\">Revisi\u00f3n y aclaraci\u00f3n sobre las pruebas.<\/a><\/p>\n","protected":false},"excerpt":{"rendered":"<p>Ya puedes consultar el calendario de las pruebas extraordinarias de septiembre. M\u00edralo\u00a0en el departamento correspondiente o pincha en los siguientes enlaces: Pincha aqu\u00ed para ver el calendario de ex\u00e1menes de ingl\u00e9s convocatoria extraordinaria septiembre. Llamamiento alumnado libre pruebas orales nivel intermedio B1. Llamamiento alumnado libre pruebas orales nivel intermedio B2. Llamamiento alumnado libre pruebas orales&hellip;&nbsp;<a href=\"https:\/\/www.eoiestepa.es\/?p=2147\" class=\"\" rel=\"bookmark\">Leer m\u00e1s &raquo;<span class=\"screen-reader-text\">Publicaci\u00f3n calendario pruebas extraordinarias de septiembre<\/span><\/a><\/p>\n","protected":false},"author":4,"featured_media":1626,"comment_status":"closed","ping_status":"open","sticky":false,"template":"","format":"standard","meta":{"_acf_changed":false,"neve_meta_sidebar":"","neve_meta_container":"","neve_meta_enable_content_width":"","neve_meta_content_width":0,"neve_meta_title_alignment":"","neve_meta_author_avatar":"","neve_post_elements_order":"","neve_meta_disable_header":"","neve_meta_disable_footer":"","neve_meta_disable_title":"","footnotes":""},"categories":[1],"tags":[],"class_list":["post-2147","post","type-post","status-publish","format-standard","has-post-thumbnail","hentry","category-principal"],"acf":[],"post_mailing_queue_ids":[],"_links":{"self":[{"href":"https:\/\/www.eoiestepa.es\/index.php?rest_route=\/wp\/v2\/posts\/2147","targetHints":{"allow":["GET"]}}],"collection":[{"href":"https:\/\/www.eoiestepa.es\/index.php?rest_route=\/wp\/v2\/posts"}],"about":[{"href":"https:\/\/www.eoiestepa.es\/index.php?rest_route=\/wp\/v2\/types\/post"}],"author":[{"embeddable":true,"href":"https:\/\/www.eoiestepa.es\/index.php?rest_route=\/wp\/v2\/users\/4"}],"replies":[{"embeddable":true,"href":"https:\/\/www.eoiestepa.es\/index.php?rest_route=%2Fwp%2Fv2%2Fcomments&post=2147"}],"version-history":[{"count":5,"href":"https:\/\/www.eoiestepa.es\/index.php?rest_route=\/wp\/v2\/posts\/2147\/revisions"}],"predecessor-version":[{"id":2163,"href":"https:\/\/www.eoiestepa.es\/index.php?rest_route=\/wp\/v2\/posts\/2147\/revisions\/2163"}],"wp:featuredmedia":[{"embeddable":true,"href":"https:\/\/www.eoiestepa.es\/index.php?rest_route=\/wp\/v2\/media\/1626"}],"wp:attachment":[{"href":"https:\/\/www.eoiestepa.es\/index.php?rest_route=%2Fwp%2Fv2%2Fmedia&parent=2147"}],"wp:term":[{"taxonomy":"category","embeddable":true,"href":"https:\/\/www.eoiestepa.es\/index.php?rest_route=%2Fwp%2Fv2%2Fcategories&post=2147"},{"taxonomy":"post_tag","embeddable":true,"href":"https:\/\/www.eoiestepa.es\/index.php?rest_route=%2Fwp%2Fv2%2Ftags&post=2147"}],"curies":[{"name":"wp","href":"https:\/\/api.w.org\/{rel}","templated":true}]}}