{"id":2320,"date":"2020-06-30T11:51:18","date_gmt":"2020-06-30T10:51:18","guid":{"rendered":"http:\/\/www.eoiestepa.es\/?p=2320"},"modified":"2020-07-03T09:16:24","modified_gmt":"2020-07-03T08:16:24","slug":"abierta-matricula-curso-2020-2021","status":"publish","type":"post","link":"https:\/\/www.eoiestepa.es\/?p=2320","title":{"rendered":"Abierta matr\u00edcula curso 2020-2021"},"content":{"rendered":"<p style=\"text-align: justify;\"><strong>Abierto el periodo de matriculaci\u00f3n para el curso 2020-2021 del 1 al 10 de julio de 2020.\u00a0<\/strong><\/p>\n<p style=\"text-align: justify;\">El alumnado que solicit\u00f3 plaza en el mes de mayo y el alumnado que ya est\u00e1 matriculado en nuestra escuela y ha promocionado de curso en la convocatoria de junio, puede matricularse c\u00f3modamente a trav\u00e9s de la Secretar\u00eda Virtual de centros docentes sin necesidad de venir al centro (Solicitudes &gt; Matr\u00edcula oficial en ense\u00f1anzas de r\u00e9gimen especial para el curso 20\/212 &#8211; alumnado ordinario, modalidades presencial y semipresencial). Quien no disponga de medios t\u00e9cnicos y necesite que le rellenemos la matr\u00edcula online, deber\u00e1 pedir cita en horario de ma\u00f1ana al tel\u00e9fono 955.26.80.03.<\/p>\n<p style=\"text-align: justify;\">Importante al formalizar la matr\u00edcula online, indicar en el apartado \u00abobservaciones\u00bb el horario que quiere seguir durante el curso 2020-2021 para el nivel en el que se matricula y que encontrar\u00e1 en el documento adjunto m\u00e1s abajo.<\/p>\n<p style=\"text-align: justify;\"><a href=\"https:\/\/www.juntadeandalucia.es\/educacion\/secretariavirtual\/\">Secretar\u00eda Virtual de centros p\u00fablicos docentes<\/a><\/p>\n<p style=\"text-align: justify;\">Secretar\u00eda Virtual de centros p\u00fablicos docentes &gt; Solicitudes &gt; Matr\u00edcula oficial en ense\u00f1anzas de r\u00e9gimen especial para el curso 20\/21 (alumnado ordinario, modalidades presencial y semipresencial).<\/p>\n<p style=\"text-align: justify;\">Aquella persona interesada en matricularse el pr\u00f3ximo curso con nosotros y que no haya solicitado plaza, tendr\u00e1 que pedir cita y acudir a la escuela para formalizar la matr\u00edcula.<\/p>\n<p><a href=\"https:\/\/drive.google.com\/file\/d\/1DNuwY9IIzcFeyp7S6MshByLg2UJBIhAf\/view?usp=sharing\">Horario grupos curso 2020-2021<\/a><\/p>\n<p style=\"text-align: justify;\">Aconsejamos al alumnado oficial matriculado el presente curso en los niveles certificativos B1, B2 y C1 que lea detenidamente la Gu\u00eda del Candidato para las Pruebas de Certificaci\u00f3n, cuyo horario publicaremos en breve.<\/p>\n<p style=\"text-align: justify;\"><a href=\"https:\/\/drive.google.com\/file\/d\/1aYDbR1BknlDgs6jK7tLxs2k6VCpK2RwL\/view?usp=sharing\">Gu\u00eda del Candidato a Pruebas de certificaci\u00f3n curso 2019-2020<\/a><\/p>\n<p style=\"text-align: center;\">\u00a0<a href=\"https:\/\/www.eoiestepa.es\/wp-content\/uploads\/2020\/06\/EOI-Estepa-web.jpg\"><img loading=\"lazy\" decoding=\"async\" class=\"alignnone size-medium wp-image-2324\" src=\"https:\/\/www.eoiestepa.es\/wp-content\/uploads\/2020\/06\/EOI-Estepa-web-214x300.jpg\" alt=\"EOI Estepa web\" width=\"214\" height=\"300\" srcset=\"https:\/\/www.eoiestepa.es\/wp-content\/uploads\/2020\/06\/EOI-Estepa-web-214x300.jpg 214w, https:\/\/www.eoiestepa.es\/wp-content\/uploads\/2020\/06\/EOI-Estepa-web-768x1075.jpg 768w, https:\/\/www.eoiestepa.es\/wp-content\/uploads\/2020\/06\/EOI-Estepa-web-732x1024.jpg 732w, https:\/\/www.eoiestepa.es\/wp-content\/uploads\/2020\/06\/EOI-Estepa-web.jpg 1654w\" sizes=\"auto, (max-width: 214px) 100vw, 214px\" \/><\/a><\/p>\n","protected":false},"excerpt":{"rendered":"<p>Abierto el periodo de matriculaci\u00f3n para el curso 2020-2021 del 1 al 10 de julio de 2020.\u00a0 El alumnado que solicit\u00f3 plaza en el mes de mayo y el alumnado que ya est\u00e1 matriculado en nuestra escuela y ha promocionado de curso en la convocatoria de junio, puede matricularse c\u00f3modamente a trav\u00e9s de la Secretar\u00eda&hellip;&nbsp;<a href=\"https:\/\/www.eoiestepa.es\/?p=2320\" class=\"\" rel=\"bookmark\">Leer m\u00e1s &raquo;<span class=\"screen-reader-text\">Abierta matr\u00edcula curso 2020-2021<\/span><\/a><\/p>\n","protected":false},"author":2,"featured_media":1591,"comment_status":"closed","ping_status":"open","sticky":false,"template":"","format":"standard","meta":{"_acf_changed":false,"neve_meta_sidebar":"","neve_meta_container":"","neve_meta_enable_content_width":"","neve_meta_content_width":0,"neve_meta_title_alignment":"","neve_meta_author_avatar":"","neve_post_elements_order":"","neve_meta_disable_header":"","neve_meta_disable_footer":"","neve_meta_disable_title":"","footnotes":""},"categories":[1],"tags":[],"class_list":["post-2320","post","type-post","status-publish","format-standard","has-post-thumbnail","hentry","category-principal"],"acf":[],"post_mailing_queue_ids":[],"_links":{"self":[{"href":"https:\/\/www.eoiestepa.es\/index.php?rest_route=\/wp\/v2\/posts\/2320","targetHints":{"allow":["GET"]}}],"collection":[{"href":"https:\/\/www.eoiestepa.es\/index.php?rest_route=\/wp\/v2\/posts"}],"about":[{"href":"https:\/\/www.eoiestepa.es\/index.php?rest_route=\/wp\/v2\/types\/post"}],"author":[{"embeddable":true,"href":"https:\/\/www.eoiestepa.es\/index.php?rest_route=\/wp\/v2\/users\/2"}],"replies":[{"embeddable":true,"href":"https:\/\/www.eoiestepa.es\/index.php?rest_route=%2Fwp%2Fv2%2Fcomments&post=2320"}],"version-history":[{"count":7,"href":"https:\/\/www.eoiestepa.es\/index.php?rest_route=\/wp\/v2\/posts\/2320\/revisions"}],"predecessor-version":[{"id":2344,"href":"https:\/\/www.eoiestepa.es\/index.php?rest_route=\/wp\/v2\/posts\/2320\/revisions\/2344"}],"wp:featuredmedia":[{"embeddable":true,"href":"https:\/\/www.eoiestepa.es\/index.php?rest_route=\/wp\/v2\/media\/1591"}],"wp:attachment":[{"href":"https:\/\/www.eoiestepa.es\/index.php?rest_route=%2Fwp%2Fv2%2Fmedia&parent=2320"}],"wp:term":[{"taxonomy":"category","embeddable":true,"href":"https:\/\/www.eoiestepa.es\/index.php?rest_route=%2Fwp%2Fv2%2Fcategories&post=2320"},{"taxonomy":"post_tag","embeddable":true,"href":"https:\/\/www.eoiestepa.es\/index.php?rest_route=%2Fwp%2Fv2%2Ftags&post=2320"}],"curies":[{"name":"wp","href":"https:\/\/api.w.org\/{rel}","templated":true}]}}