{"id":2409,"date":"2020-09-07T19:28:39","date_gmt":"2020-09-07T18:28:39","guid":{"rendered":"http:\/\/www.eoiestepa.es\/?p=2409"},"modified":"2020-09-07T19:28:56","modified_gmt":"2020-09-07T18:28:56","slug":"publicacion-de-notas","status":"publish","type":"post","link":"https:\/\/www.eoiestepa.es\/?p=2409","title":{"rendered":"Publicaci\u00f3n de notas"},"content":{"rendered":"<p>A partir de las 20:00 de hoy 7 de septiembre de 2020 se podr\u00e1 consultar en la plataforma iPasen las notas de la convocatoria extraordinaria de septiembre y la ordinaria de las Pruebas de Certificaci\u00f3n.<\/p>\n<p>La revisi\u00f3n para el alumnado no apto\u00a0ser\u00e1 como sigue:<\/p>\n<p>&nbsp;<\/p>\n<table>\n<tbody>\n<tr>\n<td colspan=\"4\">\n<p style=\"text-align: center;\"><b>M<\/b><b>ARTES 8 <\/b><b>SEPTIEMBRE<\/b><\/p>\n<p style=\"text-align: center;\"><span style=\"font-weight: 400;\">REVISI\u00d3N EX\u00c1MENES OFICIALES Y LIBRES<\/span><\/p>\n<\/td>\n<\/tr>\n<tr>\n<td>\n<p style=\"text-align: center;\"><b>AULA<\/b><\/p>\n<\/td>\n<td style=\"text-align: center;\" colspan=\"2\">\n<p style=\"text-align: center;\"><span style=\"font-weight: 400;\">16:30 HORAS<\/span><\/p>\n<\/td>\n<td style=\"text-align: center;\">\n<p style=\"text-align: center;\"><span style=\"font-weight: 400;\">18:00 HORAS<\/span><\/p>\n<\/td>\n<\/tr>\n<tr>\n<td>\n<p style=\"text-align: center;\"><span style=\"font-weight: 400;\">20<\/span><\/p>\n<\/td>\n<td style=\"text-align: center;\" colspan=\"2\"><\/td>\n<td style=\"text-align: center;\"><span style=\"font-weight: 400;\">1\u00ba A\/1\u00ba B\/ 1\u00ba SEMI\/ C1.1 CAL<\/span><\/p>\n<p><span style=\"font-weight: 400;\">(Margarita)<\/span><\/td>\n<\/tr>\n<tr>\n<td>\n<p style=\"text-align: center;\"><span style=\"font-weight: 400;\">19<\/span><\/p>\n<\/td>\n<td colspan=\"2\"><span style=\"font-weight: 400;\">Nivel Intermedio B1 libres (Isa y Roc\u00edo)<\/span><\/td>\n<td>\n<p style=\"text-align: center;\"><span style=\"font-weight: 400;\">3\u00baB\/3\u00ba Semi\/4\u00baA\/4\u00baB\/4\u00baCAL<\/span><\/p>\n<p style=\"text-align: center;\"><span style=\"font-weight: 400;\">(Roc\u00edo)<\/span><\/p>\n<\/td>\n<\/tr>\n<tr>\n<td>\n<p style=\"text-align: center;\"><span style=\"font-weight: 400;\">21<\/span><\/p>\n<\/td>\n<td colspan=\"2\"><\/td>\n<td>\n<p style=\"text-align: center;\"><span style=\"font-weight: 400;\">2\u00ba Semi\/3\u00baA\/3\u00baCAL (Isa)<\/span><\/p>\n<\/td>\n<\/tr>\n<tr>\n<td>\n<p style=\"text-align: center;\"><span style=\"font-weight: 400;\">18<\/span><\/p>\n<\/td>\n<td colspan=\"2\"><span style=\"font-weight: 400;\">3\u00ba \/5\u00ba Fr Oficial y libre (Jean Phillipe)<\/span><\/td>\n<td>\n<p style=\"text-align: center;\"><span style=\"font-weight: 400;\">4\u00ba FR (Jean Phillipe)<\/span><\/p>\n<\/td>\n<\/tr>\n<tr>\n<td style=\"text-align: center;\"><span style=\"font-weight: 400;\">9<\/span><\/td>\n<td style=\"text-align: center;\" colspan=\"2\"><span style=\"font-weight: 400;\">C1 Libres (Jes\u00fas y Pilar )<\/span><\/td>\n<td>\n<p style=\"text-align: center;\"><span style=\"font-weight: 400;\">C1.2 (Pilar)<\/span><\/p>\n<\/td>\n<\/tr>\n<tr>\n<td>\n<p style=\"text-align: center;\"><span style=\"font-weight: 400;\">12<\/span><\/p>\n<\/td>\n<td colspan=\"2\"><\/td>\n<td>\n<p style=\"text-align: center;\"><span style=\"font-weight: 400;\">C1.1 (Jes\u00fas)<\/span><\/p>\n<\/td>\n<\/tr>\n<tr>\n<td style=\"text-align: center;\">\n<p style=\"text-align: center;\"><span style=\"font-weight: 400;\">11<\/span><\/p>\n<\/td>\n<td style=\"text-align: center;\" colspan=\"2\"><span style=\"font-weight: 400;\">2\u00ba A\/2\u00baB (Gloria)<\/span><\/td>\n<td>\n<p style=\"text-align: center;\"><span style=\"font-weight: 400;\">1\u00ba, 2\u00ba, FR (Gloria)<\/span><\/p>\n<\/td>\n<\/tr>\n<\/tbody>\n<\/table>\n","protected":false},"excerpt":{"rendered":"<p>A partir de las 20:00 de hoy 7 de septiembre de 2020 se podr\u00e1 consultar en la plataforma iPasen las notas de la convocatoria extraordinaria de septiembre y la ordinaria de las Pruebas de Certificaci\u00f3n. La revisi\u00f3n para el alumnado no apto\u00a0ser\u00e1 como sigue: &nbsp; MARTES 8 SEPTIEMBRE REVISI\u00d3N EX\u00c1MENES OFICIALES Y LIBRES AULA 16:30&hellip;&nbsp;<a href=\"https:\/\/www.eoiestepa.es\/?p=2409\" class=\"\" rel=\"bookmark\">Leer m\u00e1s &raquo;<span class=\"screen-reader-text\">Publicaci\u00f3n de notas<\/span><\/a><\/p>\n","protected":false},"author":4,"featured_media":1891,"comment_status":"closed","ping_status":"open","sticky":false,"template":"","format":"standard","meta":{"_acf_changed":false,"neve_meta_sidebar":"","neve_meta_container":"","neve_meta_enable_content_width":"","neve_meta_content_width":0,"neve_meta_title_alignment":"","neve_meta_author_avatar":"","neve_post_elements_order":"","neve_meta_disable_header":"","neve_meta_disable_footer":"","neve_meta_disable_title":"","footnotes":""},"categories":[1],"tags":[],"class_list":["post-2409","post","type-post","status-publish","format-standard","has-post-thumbnail","hentry","category-principal"],"acf":[],"post_mailing_queue_ids":[],"_links":{"self":[{"href":"https:\/\/www.eoiestepa.es\/index.php?rest_route=\/wp\/v2\/posts\/2409","targetHints":{"allow":["GET"]}}],"collection":[{"href":"https:\/\/www.eoiestepa.es\/index.php?rest_route=\/wp\/v2\/posts"}],"about":[{"href":"https:\/\/www.eoiestepa.es\/index.php?rest_route=\/wp\/v2\/types\/post"}],"author":[{"embeddable":true,"href":"https:\/\/www.eoiestepa.es\/index.php?rest_route=\/wp\/v2\/users\/4"}],"replies":[{"embeddable":true,"href":"https:\/\/www.eoiestepa.es\/index.php?rest_route=%2Fwp%2Fv2%2Fcomments&post=2409"}],"version-history":[{"count":1,"href":"https:\/\/www.eoiestepa.es\/index.php?rest_route=\/wp\/v2\/posts\/2409\/revisions"}],"predecessor-version":[{"id":2410,"href":"https:\/\/www.eoiestepa.es\/index.php?rest_route=\/wp\/v2\/posts\/2409\/revisions\/2410"}],"wp:featuredmedia":[{"embeddable":true,"href":"https:\/\/www.eoiestepa.es\/index.php?rest_route=\/wp\/v2\/media\/1891"}],"wp:attachment":[{"href":"https:\/\/www.eoiestepa.es\/index.php?rest_route=%2Fwp%2Fv2%2Fmedia&parent=2409"}],"wp:term":[{"taxonomy":"category","embeddable":true,"href":"https:\/\/www.eoiestepa.es\/index.php?rest_route=%2Fwp%2Fv2%2Fcategories&post=2409"},{"taxonomy":"post_tag","embeddable":true,"href":"https:\/\/www.eoiestepa.es\/index.php?rest_route=%2Fwp%2Fv2%2Ftags&post=2409"}],"curies":[{"name":"wp","href":"https:\/\/api.w.org\/{rel}","templated":true}]}}