{"id":3906,"date":"2024-04-19T13:34:38","date_gmt":"2024-04-19T11:34:38","guid":{"rendered":"https:\/\/www.eoiestepa.es\/?p=3906"},"modified":"2024-04-19T13:36:42","modified_gmt":"2024-04-19T11:36:42","slug":"exito-de-la-actuacion-de-kilema-en-la-eoi-estepa","status":"publish","type":"post","link":"https:\/\/www.eoiestepa.es\/?p=3906","title":{"rendered":"\u00c9xito de la actuaci\u00f3n de Kilema en la EOI Estepa"},"content":{"rendered":"\n<p>La comunidad educativa de la Escuela Oficial de Idiomas de Estepa disfrut\u00f3 ayer d\u00eda jueves 18 de abril de la original actuaci\u00f3n del m\u00fasico malgache Kilema, que cautiv\u00f3 a la audiencia con una explosi\u00f3n de ritmos tradicionales africanos a trav\u00e9s del uso de instrumentos reciclados elaborados por \u00e9l mismo, transportando a todos los presentes a un viaje sonoro y cultural sin igual.<\/p>\n\n\n\n<p>Su habilidad para conectar con el p\u00fablico a trav\u00e9s de los idiomas que se estudian en nuestra escuela, combinada con la destreza musical de Kilema, cre\u00f3 un ambiente vibrante y entusiasta, d\u00e1ndonos la oportunidad de poder apreciar la riqueza y diversidad de las tradiciones musicales del mundo.<\/p>\n\n\n\n<p>Agradecemos a todos los asistentes su presencia en esta actividad enmarcada en el programa cultural organizado por el Ayuntamiento de Estepa con motivo del D\u00eda del Libro, que esperamos les haya resultado enriquecedora y les anime a abrir nuevos horizontes a trav\u00e9s del aprendizaje de idiomas.<\/p>\n\n\n\n<figure class=\"wp-block-gallery has-nested-images columns-default is-cropped wp-block-gallery-1 is-layout-flex wp-block-gallery-is-layout-flex\">\n<figure class=\"wp-block-image size-large\"><a href=\"https:\/\/www.eoiestepa.es\/wp-content\/uploads\/2024\/04\/Kilema02-1-scaled.jpg\"><img loading=\"lazy\" decoding=\"async\" width=\"1024\" height=\"683\" data-id=\"3910\" src=\"https:\/\/www.eoiestepa.es\/wp-content\/uploads\/2024\/04\/Kilema02-1-1024x683.jpg\" alt=\"\" class=\"wp-image-3910\" srcset=\"https:\/\/www.eoiestepa.es\/wp-content\/uploads\/2024\/04\/Kilema02-1-1024x683.jpg 1024w, https:\/\/www.eoiestepa.es\/wp-content\/uploads\/2024\/04\/Kilema02-1-300x200.jpg 300w, https:\/\/www.eoiestepa.es\/wp-content\/uploads\/2024\/04\/Kilema02-1-768x512.jpg 768w, https:\/\/www.eoiestepa.es\/wp-content\/uploads\/2024\/04\/Kilema02-1-1536x1024.jpg 1536w, https:\/\/www.eoiestepa.es\/wp-content\/uploads\/2024\/04\/Kilema02-1-2048x1365.jpg 2048w, https:\/\/www.eoiestepa.es\/wp-content\/uploads\/2024\/04\/Kilema02-1-930x620.jpg 930w\" sizes=\"auto, (max-width: 1024px) 100vw, 1024px\" \/><\/a><\/figure>\n\n\n\n<figure class=\"wp-block-image size-large\"><a href=\"https:\/\/www.eoiestepa.es\/wp-content\/uploads\/2024\/04\/Kilema07-scaled.jpg\"><img loading=\"lazy\" decoding=\"async\" width=\"1024\" height=\"683\" data-id=\"3911\" src=\"https:\/\/www.eoiestepa.es\/wp-content\/uploads\/2024\/04\/Kilema07-1024x683.jpg\" alt=\"\" class=\"wp-image-3911\" srcset=\"https:\/\/www.eoiestepa.es\/wp-content\/uploads\/2024\/04\/Kilema07-1024x683.jpg 1024w, https:\/\/www.eoiestepa.es\/wp-content\/uploads\/2024\/04\/Kilema07-300x200.jpg 300w, https:\/\/www.eoiestepa.es\/wp-content\/uploads\/2024\/04\/Kilema07-768x512.jpg 768w, https:\/\/www.eoiestepa.es\/wp-content\/uploads\/2024\/04\/Kilema07-1536x1024.jpg 1536w, https:\/\/www.eoiestepa.es\/wp-content\/uploads\/2024\/04\/Kilema07-2048x1365.jpg 2048w, https:\/\/www.eoiestepa.es\/wp-content\/uploads\/2024\/04\/Kilema07-930x620.jpg 930w\" sizes=\"auto, (max-width: 1024px) 100vw, 1024px\" \/><\/a><\/figure>\n\n\n\n<figure class=\"wp-block-image size-large\"><a href=\"https:\/\/www.eoiestepa.es\/wp-content\/uploads\/2024\/04\/Kilema10-scaled.jpg\"><img loading=\"lazy\" decoding=\"async\" width=\"1024\" height=\"683\" data-id=\"3912\" src=\"https:\/\/www.eoiestepa.es\/wp-content\/uploads\/2024\/04\/Kilema10-1024x683.jpg\" alt=\"\" class=\"wp-image-3912\" srcset=\"https:\/\/www.eoiestepa.es\/wp-content\/uploads\/2024\/04\/Kilema10-1024x683.jpg 1024w, https:\/\/www.eoiestepa.es\/wp-content\/uploads\/2024\/04\/Kilema10-300x200.jpg 300w, https:\/\/www.eoiestepa.es\/wp-content\/uploads\/2024\/04\/Kilema10-768x512.jpg 768w, https:\/\/www.eoiestepa.es\/wp-content\/uploads\/2024\/04\/Kilema10-1536x1024.jpg 1536w, https:\/\/www.eoiestepa.es\/wp-content\/uploads\/2024\/04\/Kilema10-2048x1365.jpg 2048w, https:\/\/www.eoiestepa.es\/wp-content\/uploads\/2024\/04\/Kilema10-930x620.jpg 930w\" sizes=\"auto, (max-width: 1024px) 100vw, 1024px\" \/><\/a><\/figure>\n\n\n\n<figure class=\"wp-block-image size-large\"><a href=\"https:\/\/www.eoiestepa.es\/wp-content\/uploads\/2024\/04\/WhatsApp-Image-2024-04-19-at-12.09.18-1.jpeg\"><img loading=\"lazy\" decoding=\"async\" width=\"1024\" height=\"768\" data-id=\"3909\" src=\"https:\/\/www.eoiestepa.es\/wp-content\/uploads\/2024\/04\/WhatsApp-Image-2024-04-19-at-12.09.18-1-1024x768.jpeg\" alt=\"\" class=\"wp-image-3909\" srcset=\"https:\/\/www.eoiestepa.es\/wp-content\/uploads\/2024\/04\/WhatsApp-Image-2024-04-19-at-12.09.18-1-1024x768.jpeg 1024w, https:\/\/www.eoiestepa.es\/wp-content\/uploads\/2024\/04\/WhatsApp-Image-2024-04-19-at-12.09.18-1-300x225.jpeg 300w, https:\/\/www.eoiestepa.es\/wp-content\/uploads\/2024\/04\/WhatsApp-Image-2024-04-19-at-12.09.18-1-768x576.jpeg 768w, https:\/\/www.eoiestepa.es\/wp-content\/uploads\/2024\/04\/WhatsApp-Image-2024-04-19-at-12.09.18-1-1536x1152.jpeg 1536w, https:\/\/www.eoiestepa.es\/wp-content\/uploads\/2024\/04\/WhatsApp-Image-2024-04-19-at-12.09.18-1.jpeg 1600w\" sizes=\"auto, (max-width: 1024px) 100vw, 1024px\" \/><\/a><\/figure>\n<\/figure>\n","protected":false},"excerpt":{"rendered":"<p>La comunidad educativa de la Escuela Oficial de Idiomas de Estepa disfrut\u00f3 ayer d\u00eda jueves 18 de abril de la original actuaci\u00f3n del m\u00fasico malgache Kilema, que cautiv\u00f3 a la audiencia con una explosi\u00f3n de ritmos tradicionales africanos a trav\u00e9s del uso de instrumentos reciclados elaborados por \u00e9l mismo, transportando a todos los presentes a&hellip;&nbsp;<a href=\"https:\/\/www.eoiestepa.es\/?p=3906\" class=\"\" rel=\"bookmark\">Leer m\u00e1s &raquo;<span class=\"screen-reader-text\">\u00c9xito de la actuaci\u00f3n de Kilema en la EOI Estepa<\/span><\/a><\/p>\n","protected":false},"author":2,"featured_media":3911,"comment_status":"closed","ping_status":"closed","sticky":false,"template":"","format":"standard","meta":{"_acf_changed":false,"neve_meta_sidebar":"","neve_meta_container":"","neve_meta_enable_content_width":"","neve_meta_content_width":0,"neve_meta_title_alignment":"","neve_meta_author_avatar":"","neve_post_elements_order":"","neve_meta_disable_header":"","neve_meta_disable_footer":"","neve_meta_disable_title":"","footnotes":""},"categories":[1],"tags":[],"class_list":["post-3906","post","type-post","status-publish","format-standard","has-post-thumbnail","hentry","category-principal"],"acf":[],"post_mailing_queue_ids":[],"_links":{"self":[{"href":"https:\/\/www.eoiestepa.es\/index.php?rest_route=\/wp\/v2\/posts\/3906","targetHints":{"allow":["GET"]}}],"collection":[{"href":"https:\/\/www.eoiestepa.es\/index.php?rest_route=\/wp\/v2\/posts"}],"about":[{"href":"https:\/\/www.eoiestepa.es\/index.php?rest_route=\/wp\/v2\/types\/post"}],"author":[{"embeddable":true,"href":"https:\/\/www.eoiestepa.es\/index.php?rest_route=\/wp\/v2\/users\/2"}],"replies":[{"embeddable":true,"href":"https:\/\/www.eoiestepa.es\/index.php?rest_route=%2Fwp%2Fv2%2Fcomments&post=3906"}],"version-history":[{"count":1,"href":"https:\/\/www.eoiestepa.es\/index.php?rest_route=\/wp\/v2\/posts\/3906\/revisions"}],"predecessor-version":[{"id":3913,"href":"https:\/\/www.eoiestepa.es\/index.php?rest_route=\/wp\/v2\/posts\/3906\/revisions\/3913"}],"wp:featuredmedia":[{"embeddable":true,"href":"https:\/\/www.eoiestepa.es\/index.php?rest_route=\/wp\/v2\/media\/3911"}],"wp:attachment":[{"href":"https:\/\/www.eoiestepa.es\/index.php?rest_route=%2Fwp%2Fv2%2Fmedia&parent=3906"}],"wp:term":[{"taxonomy":"category","embeddable":true,"href":"https:\/\/www.eoiestepa.es\/index.php?rest_route=%2Fwp%2Fv2%2Fcategories&post=3906"},{"taxonomy":"post_tag","embeddable":true,"href":"https:\/\/www.eoiestepa.es\/index.php?rest_route=%2Fwp%2Fv2%2Ftags&post=3906"}],"curies":[{"name":"wp","href":"https:\/\/api.w.org\/{rel}","templated":true}]}}