{"id":4252,"date":"2025-05-09T13:22:14","date_gmt":"2025-05-09T11:22:14","guid":{"rendered":"https:\/\/www.eoiestepa.es\/?p=4252"},"modified":"2025-05-09T13:22:14","modified_gmt":"2025-05-09T11:22:14","slug":"publicacion-fechas-convocatoria-ordinaria-junio","status":"publish","type":"post","link":"https:\/\/www.eoiestepa.es\/?p=4252","title":{"rendered":"Publicaci\u00f3n fechas convocatoria ordinaria junio"},"content":{"rendered":"\n<p>Se recuerda a todo el alumnado que ya est\u00e1n publicadas en nuestra web las fechas de los ex\u00e1menes correspondientes a la convocatoria ordinaria de junio.<\/p>\n\n\n\n<p>\u00a1Buena suerte!<\/p>\n\n\n\n<p>INGL\u00c9S:<\/p>\n\n\n\n<p><a href=\"https:\/\/drive.google.com\/file\/d\/1XdrsSIXeGdRMW-7R_wbAGBoY_RKOkGG_\/view?usp=sharing\">Consulta aqu\u00ed el calendario para las Pruebas de Certificaci\u00f3n (alumnado libre y oficial que haya confirmado participaci\u00f3n)<\/a><\/p>\n\n\n\n<p><a href=\"https:\/\/drive.google.com\/file\/d\/1mSfCKFlMna9E_Pr7CLkikT9VbiIwjFJI\/view?usp=sharing\">Consulta aqu\u00ed el calendario de la evaluaci\u00f3n convocatoria ordinaria de promoci\u00f3n (alumnado oficial).<\/a><\/p>\n\n\n\n<p>FRANC\u00c9S:<\/p>\n\n\n\n<p><a href=\"https:\/\/drive.google.com\/file\/d\/1W_-0aapE_JD2I8wrCfo-7dtB6cLU1A7i\/view?usp=sharing\">Consulta aqu\u00ed el calendario para las Pruebas de Certificaci\u00f3n (alumnado libre y oficial que haya confirmado participaci\u00f3n)<\/a><\/p>\n\n\n\n<p><a href=\"https:\/\/drive.google.com\/file\/d\/1ly83CXjc2iOfTws7uNos-BMussZ2wtZe\/view?usp=sharing\">Consulta aqu\u00ed el calendario de la evaluaci\u00f3n final convocatoria ordinaria promoci\u00f3n (alumnado oficial).<\/a><\/p>\n","protected":false},"excerpt":{"rendered":"<p>Se recuerda a todo el alumnado que ya est\u00e1n publicadas en nuestra web las fechas de los ex\u00e1menes correspondientes a la convocatoria ordinaria de junio. \u00a1Buena suerte! INGL\u00c9S: Consulta aqu\u00ed el calendario para las Pruebas de Certificaci\u00f3n (alumnado libre y oficial que haya confirmado participaci\u00f3n) Consulta aqu\u00ed el calendario de la evaluaci\u00f3n convocatoria ordinaria de&hellip;&nbsp;<a href=\"https:\/\/www.eoiestepa.es\/?p=4252\" class=\"\" rel=\"bookmark\">Leer m\u00e1s &raquo;<span class=\"screen-reader-text\">Publicaci\u00f3n fechas convocatoria ordinaria junio<\/span><\/a><\/p>\n","protected":false},"author":4,"featured_media":4253,"comment_status":"closed","ping_status":"closed","sticky":false,"template":"","format":"standard","meta":{"_acf_changed":false,"neve_meta_sidebar":"","neve_meta_container":"","neve_meta_enable_content_width":"","neve_meta_content_width":0,"neve_meta_title_alignment":"","neve_meta_author_avatar":"","neve_post_elements_order":"","neve_meta_disable_header":"","neve_meta_disable_footer":"","neve_meta_disable_title":"","footnotes":""},"categories":[1],"tags":[],"class_list":["post-4252","post","type-post","status-publish","format-standard","has-post-thumbnail","hentry","category-principal"],"acf":[],"post_mailing_queue_ids":[],"_links":{"self":[{"href":"https:\/\/www.eoiestepa.es\/index.php?rest_route=\/wp\/v2\/posts\/4252","targetHints":{"allow":["GET"]}}],"collection":[{"href":"https:\/\/www.eoiestepa.es\/index.php?rest_route=\/wp\/v2\/posts"}],"about":[{"href":"https:\/\/www.eoiestepa.es\/index.php?rest_route=\/wp\/v2\/types\/post"}],"author":[{"embeddable":true,"href":"https:\/\/www.eoiestepa.es\/index.php?rest_route=\/wp\/v2\/users\/4"}],"replies":[{"embeddable":true,"href":"https:\/\/www.eoiestepa.es\/index.php?rest_route=%2Fwp%2Fv2%2Fcomments&post=4252"}],"version-history":[{"count":1,"href":"https:\/\/www.eoiestepa.es\/index.php?rest_route=\/wp\/v2\/posts\/4252\/revisions"}],"predecessor-version":[{"id":4254,"href":"https:\/\/www.eoiestepa.es\/index.php?rest_route=\/wp\/v2\/posts\/4252\/revisions\/4254"}],"wp:featuredmedia":[{"embeddable":true,"href":"https:\/\/www.eoiestepa.es\/index.php?rest_route=\/wp\/v2\/media\/4253"}],"wp:attachment":[{"href":"https:\/\/www.eoiestepa.es\/index.php?rest_route=%2Fwp%2Fv2%2Fmedia&parent=4252"}],"wp:term":[{"taxonomy":"category","embeddable":true,"href":"https:\/\/www.eoiestepa.es\/index.php?rest_route=%2Fwp%2Fv2%2Fcategories&post=4252"},{"taxonomy":"post_tag","embeddable":true,"href":"https:\/\/www.eoiestepa.es\/index.php?rest_route=%2Fwp%2Fv2%2Ftags&post=4252"}],"curies":[{"name":"wp","href":"https:\/\/api.w.org\/{rel}","templated":true}]}}