{"id":612,"date":"2014-04-09T17:32:21","date_gmt":"2014-04-09T16:32:21","guid":{"rendered":"http:\/\/www.eoiestepa.es\/?p=612"},"modified":"2014-05-08T15:21:46","modified_gmt":"2014-05-08T14:21:46","slug":"matricula-libre-del-1-al-15-de-abril","status":"publish","type":"post","link":"https:\/\/www.eoiestepa.es\/?p=612","title":{"rendered":"Matr\u00edcula Libre del 1 al 15 de abril"},"content":{"rendered":"<p>Plazo de formalizaci\u00f3n de matr\u00edcula para la realizaci\u00f3n de las <strong>Pruebas Unificadas de Certificaci\u00f3n<\/strong> de Idiomas (niveles A2-B1-B2) en el <strong>r\u00e9gimen de ense\u00f1anza libre<\/strong> <strong>del 1 al 15 de abril<\/strong> (ambos inclusive), que permite realizar la prueba en la convocatoria de junio y en la de septiembre.<\/p>\n<p>Plazo de matriculaci\u00f3n del 1 al 15 de abril en el horario habitual de secretar\u00eda (mi\u00e9rcoles y viernes de 10:00 a 13:00 horas; lunes, martes y jueves de 16:00 a 19:00 horas)<\/p>\n<h4><strong>Los d\u00edas 14 y 15 de abril horario especial Semana Santa de 10:00 a 13:00 horas<\/strong><\/h4>\n<p>En el documento adjunto <strong>\u00abInstrucciones para la formalizaci\u00f3n y presentaci\u00f3n de la matr\u00edcula en la EOI \u00abEstepa\u00bb<\/strong>, encontrar\u00e1 toda la informaci\u00f3n necesaria sobre requisitos, formalizaci\u00f3n de la matr\u00edcula, documentaci\u00f3n que hay que presentar, c\u00f3mo rellenar el tal\u00f3n de cargo, etc. Le rogamos encarecidamente que lea dicho documento antes de formalizar su matr\u00edcula.<\/p>\n<p>La matr\u00edcula se realizar\u00e1 preferentemente a trav\u00e9s de la Secretar\u00eda Virtual de la Junta de Andaluc\u00eda en el enlace que aparece m\u00e1s abajo, con o sin certificado digital (una vez en la p\u00e1gina, en la secci\u00f3n \u00abSolicitudes\u00bb,pinchar en \u00abMatr\u00edcula libre en ense\u00f1anza de idiomas\u00bb).\u00a0<strong>En el caso de realizar la matr\u00edcula SIN Certificado Digital, es obligatorio presentar la documentaci\u00f3n en la escuela antes de la finalizaci\u00f3n del per\u00edodo de matr\u00edcula<\/strong> junto a la documentaci\u00f3n pertinente. Hasta que no presente presencialmente toda la documentaci\u00f3n, no se dar\u00e1 por finalizado y formalizado el proceso de matr\u00edcula.<\/p>\n<p>En el Anexo I de la Resoluci\u00f3n por la que se convocan las pruebas de certificaci\u00f3n, encontrar\u00e1 el Calendario de realizaci\u00f3n de las pruebas escritas de certificaci\u00f3n. En breve, se publicar\u00e1 la fecha y el aula concreta de cada una de las pruebas escritas y orales.<\/p>\n<p><a href=\"https:\/\/www.juntadeandalucia.es\/educacion\/secretariavirtual\/\">Matriculaci\u00f3n Online<\/a><\/p>\n<p><a href=\"https:\/\/docs.google.com\/file\/d\/0B68oJ8AUzIM1WVBZekJGUndVbU0\/edit\">Instrucciones para la formalizaci\u00f3n y presentaci\u00f3n de la matr\u00edcula en la EOI \u00abEstepa<\/a>\u00bb<\/p>\n<p><a href=\"http:\/\/www.juntadeandalucia.es\/educacion\/webportal\/web\/educacion-permanente\/prueba-unificada-de-certificacion\">Informaci\u00f3n en el Portal de Educaci\u00f3n Permanente<\/a><\/p>\n<p><a href=\"https:\/\/docs.google.com\/file\/d\/0B68oJ8AUzIM1WkpqYl81aVNZdGc\/edit\">Resoluci\u00f3n por la que se convocan las pruebas espec\u00edficas de certificaci\u00f3n para el curso 2013\/14<\/a><\/p>\n<p>&nbsp;<\/p>\n","protected":false},"excerpt":{"rendered":"<p>Plazo de formalizaci\u00f3n de matr\u00edcula para la realizaci\u00f3n de las Pruebas Unificadas de Certificaci\u00f3n de Idiomas (niveles A2-B1-B2) en el r\u00e9gimen de ense\u00f1anza libre del 1 al 15 de abril (ambos inclusive), que permite realizar la prueba en la convocatoria de junio y en la de septiembre. Plazo de matriculaci\u00f3n del 1 al 15 de&hellip;&nbsp;<a href=\"https:\/\/www.eoiestepa.es\/?p=612\" class=\"\" rel=\"bookmark\">Leer m\u00e1s &raquo;<span class=\"screen-reader-text\">Matr\u00edcula Libre del 1 al 15 de abril<\/span><\/a><\/p>\n","protected":false},"author":2,"featured_media":615,"comment_status":"closed","ping_status":"open","sticky":false,"template":"","format":"standard","meta":{"_acf_changed":false,"neve_meta_sidebar":"","neve_meta_container":"","neve_meta_enable_content_width":"","neve_meta_content_width":0,"neve_meta_title_alignment":"","neve_meta_author_avatar":"","neve_post_elements_order":"","neve_meta_disable_header":"","neve_meta_disable_footer":"","neve_meta_disable_title":"","footnotes":""},"categories":[1],"tags":[],"class_list":["post-612","post","type-post","status-publish","format-standard","has-post-thumbnail","hentry","category-principal"],"acf":[],"post_mailing_queue_ids":[],"_links":{"self":[{"href":"https:\/\/www.eoiestepa.es\/index.php?rest_route=\/wp\/v2\/posts\/612","targetHints":{"allow":["GET"]}}],"collection":[{"href":"https:\/\/www.eoiestepa.es\/index.php?rest_route=\/wp\/v2\/posts"}],"about":[{"href":"https:\/\/www.eoiestepa.es\/index.php?rest_route=\/wp\/v2\/types\/post"}],"author":[{"embeddable":true,"href":"https:\/\/www.eoiestepa.es\/index.php?rest_route=\/wp\/v2\/users\/2"}],"replies":[{"embeddable":true,"href":"https:\/\/www.eoiestepa.es\/index.php?rest_route=%2Fwp%2Fv2%2Fcomments&post=612"}],"version-history":[{"count":8,"href":"https:\/\/www.eoiestepa.es\/index.php?rest_route=\/wp\/v2\/posts\/612\/revisions"}],"predecessor-version":[{"id":650,"href":"https:\/\/www.eoiestepa.es\/index.php?rest_route=\/wp\/v2\/posts\/612\/revisions\/650"}],"wp:featuredmedia":[{"embeddable":true,"href":"https:\/\/www.eoiestepa.es\/index.php?rest_route=\/wp\/v2\/media\/615"}],"wp:attachment":[{"href":"https:\/\/www.eoiestepa.es\/index.php?rest_route=%2Fwp%2Fv2%2Fmedia&parent=612"}],"wp:term":[{"taxonomy":"category","embeddable":true,"href":"https:\/\/www.eoiestepa.es\/index.php?rest_route=%2Fwp%2Fv2%2Fcategories&post=612"},{"taxonomy":"post_tag","embeddable":true,"href":"https:\/\/www.eoiestepa.es\/index.php?rest_route=%2Fwp%2Fv2%2Ftags&post=612"}],"curies":[{"name":"wp","href":"https:\/\/api.w.org\/{rel}","templated":true}]}}